{"id":1999,"date":"2021-01-28T10:00:38","date_gmt":"2021-01-28T09:00:38","guid":{"rendered":"https:\/\/www.tronatic-studio.com\/?p=1999"},"modified":"2024-09-11T11:38:19","modified_gmt":"2024-09-11T09:38:19","slug":"le-masque-au-cinema-sous-toutes-ses-formes","status":"publish","type":"post","link":"https:\/\/www.tronatic-studio.com\/fr\/le-masque-au-cinema-sous-toutes-ses-formes\/","title":{"rendered":"Le masque au cin\u00e9ma, sous toutes ses formes !"},"content":{"rendered":"<h2><b>Les super-h\u00e9ros et super-vilains n\u2019ont plus l\u2019exclusivit\u00e9 !\u00a0<\/b><b>(Ou alors avaient-ils d\u00e9j\u00e0 peur du Coronavirus ?)<\/b><\/h2>\n<p align=\"justify\">Depuis fin 2019, nous connaissons une v\u00e9ritable crise qui affecte le monde entier. Outre l\u2019aspect g\u00eanant du <b>masque <\/b><span style=\"font-weight: 400;\">au quotidien comme les boutons caus\u00e9s par le port du masque, les oreilles qui se d\u00e9collent, les marques sur le visage, ou encore la bu\u00e9e sur vos lunettes, de nombreux probl\u00e8mes se font ressentir dans le monde et plus sp\u00e9cifiquement ici, dans le <strong>cin\u00e9ma<\/strong> et le <\/span><b>monde audiovisuel <\/b><span style=\"font-weight: 400;\">:<\/span><\/p>\n<p align=\"justify\"><span style=\"font-weight: 400;\">Beaucoup de tournages ont \u00e9t\u00e9 report\u00e9s comme \u00ab\u00a0<\/span><b>Les<\/b><b> Animaux fantastiques &#8211; 3e partie\u00a0\u00bb<\/b><span style=\"font-weight: 400;\"> qui devait initialement commencer le 16 mars 2020. Heureusement pour les fans (et l&rsquo;\u00e9quipe, les financeurs, les producteurs&#8230;), le tournage a pu reprendre en septembre 2020. Le nouveau \u00ab\u00a0<strong>Batman\u00a0\u00bb<\/strong>, interpr\u00e9t\u00e9 par<strong><em> Robert Pattinson<\/em>, <\/strong>a \u00e9t\u00e9 suspendu le temps que l&rsquo;acteur gu\u00e9risse, puisqu&rsquo;il avait \u00e9t\u00e9 test\u00e9 positif au covid.\u00a0<\/span><\/p>\n<p align=\"justify\"><span style=\"font-weight: 400;\">La sortie de vos films et s\u00e9ries pr\u00e9f\u00e9r\u00e9s est retard\u00e9e : \u00ab\u00a0<\/span><b>The Handmaid&rsquo;s Tale\u00a0\u00bb<\/b>ne sortira qu&rsquo;en courant 2021. Quant aux aventures de <span style=\"font-weight: 400;\"><em><strong>Diana Prince <\/strong><\/em>(interpr\u00e9t\u00e9e par <em><strong>Gal Gadot<\/strong><\/em>) dans le film <\/span>\u00ab\u00a0<b>Wonder Woman 1984&Prime;<\/b>, il ne sera finalement pas projet\u00e9 dans vos salles de cin\u00e9ma, mais disponible en streaming sur la plateforme <b><span style=\"font-weight: 400;\"><strong>HBO MAX<\/strong>.<\/span><\/b><\/p>\n<p align=\"center\"><img fetchpriority=\"high\" decoding=\"async\" class=\"alignnone wp-image-2221\" src=\"https:\/\/www.tronatic-studio.com\/wp-content\/uploads\/2021\/01\/Bande-films-blog-300x57.jpg\" alt=\"\" width=\"1274\" height=\"242\" srcset=\"https:\/\/www.tronatic-studio.com\/wp-content\/uploads\/2021\/01\/Bande-films-blog-300x57.jpg 300w, https:\/\/www.tronatic-studio.com\/wp-content\/uploads\/2021\/01\/Bande-films-blog-768x145.jpg 768w, https:\/\/www.tronatic-studio.com\/wp-content\/uploads\/2021\/01\/Bande-films-blog-1536x290.jpg 1536w, https:\/\/www.tronatic-studio.com\/wp-content\/uploads\/2021\/01\/Bande-films-blog-2048x387.jpg 2048w\" sizes=\"(max-width: 1274px) 100vw, 1274px\" \/><\/p>\n<p><span style=\"font-weight: 400;\">En plus des retards de tournages, des changements de dates de sortie sont apparus : le long m\u00e9trage Disney \u00ab\u00a0<\/span><b>Mulan\u00a0\u00bb<\/b><span style=\"font-weight: 400;\"> (adaptation du film d\u2019animation \u00e9ponyme de 1998, en prises de vues r\u00e9elles) devait initialement sortir en salles le 25 mars 2020. Cependant, <\/span><b>Disney a fait<\/b><span style=\"font-weight: 400;\">\u00a0le choix de le diffuser sur sa plateforme de streaming \u201c<\/span><b>Disney +<\/b><span style=\"font-weight: 400;\">\u201d. Cette exclusivit\u00e9 r\u00e9duit grandement les chances de visionnage (l\u00e9gale) du film, puisque l\u2019abonnement \u00e0 <\/span><b>Disney +<\/b><span style=\"font-weight: 400;\"> est payant.\u00a0<\/span><\/p>\n<p><span style=\"font-weight: 400;\">Tous ces retards sont donc contraignants pour les <strong>cin\u00e9philes<\/strong> qui devront patienter, mais ils le sont encore plus pour les productions qui voient le co\u00fbt global augmenter de jour en jour, \u00e0 tel point que certaines s\u00e9ries ont vu leur clap de fin arriver plus vite que pr\u00e9vu. \u00ab\u00a0<\/span><b>The society\u00a0\u00bb <\/b><span style=\"font-weight: 400;\">est l\u2019une des victimes collat\u00e9rales de la <\/span><b>Covid-19<\/b><span style=\"font-weight: 400;\">. Cette s\u00e9rie destin\u00e9e \u00e0 un public de jeunes adultes, cr\u00e9neau pourtant porteur pour la plateforme de streaming, a donc d\u00fb \u00eatre sacrifi\u00e9e par <\/span><b>Netflix<\/b><span style=\"font-weight: 400;\">. Entre gestion de la distanciation sociale, les \u00e9quipements de protection pour les \u00e9quipes, et le tournage adapt\u00e9 au coronavirus, tout cela aurait largement fait exploser le budget. Nous ne saurons donc jamais pourquoi et comment, les adolescents d\u2019une petite ville du <\/span><b>Connecticut, <\/b><span style=\"font-weight: 400;\">sont bloqu\u00e9s et livr\u00e9s \u00e0 eux-m\u00eames, dans ce qui semble \u00eatre un monde parall\u00e8le.<\/span><\/p>\n<p>&nbsp;<\/p>\n<p><center><img decoding=\"async\" class=\" wp-image-2272 aligncenter\" src=\"https:\/\/www.tronatic-studio.com\/wp-content\/uploads\/2021\/01\/Steam-et-cine-300x101.jpg\" alt=\"\" width=\"710\" height=\"239\" srcset=\"https:\/\/www.tronatic-studio.com\/wp-content\/uploads\/2021\/01\/Steam-et-cine-300x101.jpg 300w, https:\/\/www.tronatic-studio.com\/wp-content\/uploads\/2021\/01\/Steam-et-cine-1024x343.jpg 1024w, https:\/\/www.tronatic-studio.com\/wp-content\/uploads\/2021\/01\/Steam-et-cine-768x257.jpg 768w, https:\/\/www.tronatic-studio.com\/wp-content\/uploads\/2021\/01\/Steam-et-cine-1536x515.jpg 1536w, https:\/\/www.tronatic-studio.com\/wp-content\/uploads\/2021\/01\/Steam-et-cine-2048x686.jpg 2048w\" sizes=\"(max-width: 710px) 100vw, 710px\" \/><\/center><\/p>\n<p align=\"justify\">Cette crise affecte donc consid\u00e9rablement le monde du cin\u00e9ma, emp\u00eachant les productions de commencer ou reprendre les tournages, les productions etc., mais son impact se fait \u00e9galement lourdement ressentir dans le cin\u00e9ma. Les salles \u00e9tant ferm\u00e9es depuis le deuxi\u00e8me confinement, l&rsquo;incertitude p\u00e8se et emp\u00eache de nombreux films de sortir sur grands \u00e9crans.<br \/>\nLes plateformes de streaming se sont donc grandement d\u00e9velopp\u00e9es afin de proposer ces fameux films et ce, moyennant finances bien entendu ! Le malheur des uns, fait le bonheur des autres !<\/p>\n<p align=\"justify\"><span style=\"font-weight: 400;\">En plus de ces tristes nouvelles, la crise actuelle n&rsquo;\u00e9pargne personne et encore moins les <\/span><span style=\"font-weight: 400;\">petites et moyennes bo\u00eetes de productions qui luttent pour survivre. <\/span><span style=\"font-weight: 400;\">Et cela ne se cantonne pas \u00e0 la production de films et de s\u00e9ries, mais affecte \u00e9galement les spectacles vivants, les repr\u00e9sentations th\u00e9\u00e2trales&#8230; Nous sommes donc en droit de nous demander :<\/span><\/p>\n<h3><span style=\"color: #ff0000;\"><b>Comment et quand, les tournages, repr\u00e9sentations et productions vont-ils pouvoir reprendre pleinement ?<\/b><\/span><\/h3>\n<p><span style=\"font-weight: 400;\">Pour r\u00e9pondre \u00e0 cette question, il est n\u00e9cessaire de prendre plusieurs probl\u00e8mes majeurs en consid\u00e9ration : <\/span><\/p>\n<h3><strong>Comment continuer \u00e0 tourner avec des foules de figurants ?<\/strong><\/h3>\n<p><span style=\"font-weight: 400;\">Difficile de g\u00e9rer un grand nombre de figurants tout en respectant les gestes barri\u00e8res. Est-il alors possible de les cr\u00e9er gr\u00e2ce aux <\/span><b><a href=\"https:\/\/www.tronatic-studio.com\/cat-projet\/vfx\/\">VFX<\/a> <\/b><span style=\"font-weight: 400;\">(<\/span><b>effets sp\u00e9ciaux<\/b><span style=\"font-weight: 400;\">) ?<br \/>\n<\/span><span style=\"font-weight: 400;\">Oui, tout est toujours possible dans le monde du cin\u00e9ma. Mais le prix ne sera jamais le m\u00eame. Un dommage collat\u00e9ral d\u2019une crise que personne n\u2019avait encore imagin\u00e9e, pas m\u00eame <\/span><a href=\"https:\/\/www.youtube.com\/watch?v=6fqpL3wtKYo\"><b>Michael BAY<\/b><\/a><span style=\"font-weight: 400;\"> !<\/span><\/p>\n<p><center><img decoding=\"async\" class=\"wp-image-2001 aligncenter\" src=\"https:\/\/www.tronatic-studio.com\/wp-content\/uploads\/2020\/12\/michael-bay-photo-michael-bat-1154290-300x128.jpeg\" alt=\"\" width=\"862\" height=\"368\" srcset=\"https:\/\/www.tronatic-studio.com\/wp-content\/uploads\/2020\/12\/michael-bay-photo-michael-bat-1154290-300x128.jpeg 300w, https:\/\/www.tronatic-studio.com\/wp-content\/uploads\/2020\/12\/michael-bay-photo-michael-bat-1154290-1024x436.jpeg 1024w, https:\/\/www.tronatic-studio.com\/wp-content\/uploads\/2020\/12\/michael-bay-photo-michael-bat-1154290-768x327.jpeg 768w, https:\/\/www.tronatic-studio.com\/wp-content\/uploads\/2020\/12\/michael-bay-photo-michael-bat-1154290-1536x654.jpeg 1536w, https:\/\/www.tronatic-studio.com\/wp-content\/uploads\/2020\/12\/michael-bay-photo-michael-bat-1154290.jpeg 1920w\" sizes=\"(max-width: 862px) 100vw, 862px\" \/><\/center><\/p>\n<p align=\"justify\">De plus, reproduire et mod\u00e9liser des figurants en 3D risque de changer l&rsquo;atmosph\u00e8re du film, de la s\u00e9rie, et d&rsquo;afficher un l\u00e9ger manque d&rsquo;authenticit\u00e9. Peut-\u00eatre est-ce le moment pour les films d\u2019animations full 3D de prendre le pouvoir ! Pas besoin d\u2019acteurs, pas besoin de figurants. <span style=\"font-weight: 400;\"><br \/>\n<\/span><span style=\"font-weight: 400;\">Le travail\/production\/post-production, peut se faire depuis chez soi, si l\u2019infographiste dispose du mat\u00e9riel ad\u00e9quat.\u00a0<\/span><span style=\"font-weight: 400;\">Les doubleurs sont seuls en cabine, plus de probl\u00e8me de contaminations !<br \/>\n<\/span><span style=\"font-weight: 400;\">En plus des probl\u00e8mes de figurations, sur de grosses productions, les \u00e9quipes de tournages sont tr\u00e8s nombreuses.<\/span><\/p>\n<hr \/>\n<h3><span style=\"color: #ff0000;\"><b>Comment assurer la s\u00e9curit\u00e9 de chacun sur son lieu de travail ? Est-ce la fin des super productions ?<\/b><\/span><\/h3>\n<p><span style=\"font-weight: 400;\">\u00c0 court terme, et pour les productions qui ont les moyens, il pourrait \u00eatre int\u00e9ressant, utile et rassurant, de faire des prises de temp\u00e9rature ou des tests sanguins afin de pouvoir acc\u00e9der aux plateaux de tournage.<\/span><span style=\"font-weight: 400;\"><br \/>\n<\/span><span style=\"font-weight: 400;\">Le masque et les installations ad\u00e9quates semblent \u00eatre les seules solutions restantes pour assurer la p\u00e9rennit\u00e9 du monde audiovisuel.<\/span><\/p>\n<p><span style=\"font-weight: 400;\">Peut-\u00eatre est-ce \u00e9galement le moment de voir l\u2019av\u00e8nement des films en plein air, ou bien ceux en total fond vert, ou les films en huis clos et en petit comit\u00e9 ?<\/span><\/p>\n<p><span style=\"font-weight: 400;\">Peut-\u00eatre allons nous assister au renouveau et \u00e0 un essor exponentiel des films \u00e0 petit budget, ayant une \u00e9quipe r\u00e9duite, et qui auront travaill\u00e9 en secret durant ces mois de stress et d\u2019angoisse.\u00a0<\/span>Peut-\u00eatre allons nous voir de plus en plus de films de super-h\u00e9ros masqu\u00e9s, ou des films de science-fiction dans l\u2019espace, n\u2019importe quel sc\u00e9nario n\u00e9cessitant une combinaison anticontamination.<\/p>\n<hr \/>\n<h3><span style=\"color: #ff0000;\"><b>Mais alors, est-ce que les acteurs vont devoir jouer avec un masque ?<\/b><\/span><\/h3>\n<p><span style=\"font-weight: 400;\">Il y a tr\u00e8s peu de chance pour que cela arrive. Si les films fonctionnent, c&rsquo;est en partie gr\u00e2ce aux visages des acteurs et actrices. N&rsquo;oublions pas que le port du masque entrave consid\u00e9rablement la communication, qu&rsquo;elle soit verbale ou non verbale. La communication est r\u00e9partie en trois cat\u00e9gories :<br \/>\n<\/span><\/p>\n<p>&#8211; <strong>Verbale<\/strong> qui repr\u00e9sente seulement 7% de notre communication,<br \/>\n&#8211; <strong>Non verbale<\/strong>, qui repr\u00e9sente 55% de notre communication (regard, position, gestes et microgestes)<br \/>\n&#8211; Et <strong>paraverbale<\/strong> (rythme, timbre de la voix, intonation&#8230;)<\/p>\n<p>Les mimiques d&rsquo;un acteur ou d&rsquo;une actrice font (ou d\u00e9font) sa notori\u00e9t\u00e9, son talent. Imaginez regarder un film avec <strong>Louis De Fun\u00e8s<\/strong> portant un masque !<\/p>\n<p><center><img loading=\"lazy\" decoding=\"async\" class=\"wp-image-2064 aligncenter\" src=\"https:\/\/www.tronatic-studio.com\/wp-content\/uploads\/2020\/12\/ob_9f3ac6_louis-de-funes-300x240.jpg\" alt=\"\" width=\"373\" height=\"298\" srcset=\"https:\/\/www.tronatic-studio.com\/wp-content\/uploads\/2020\/12\/ob_9f3ac6_louis-de-funes-300x240.jpg 300w, https:\/\/www.tronatic-studio.com\/wp-content\/uploads\/2020\/12\/ob_9f3ac6_louis-de-funes-1024x819.jpg 1024w, https:\/\/www.tronatic-studio.com\/wp-content\/uploads\/2020\/12\/ob_9f3ac6_louis-de-funes-768x614.jpg 768w, https:\/\/www.tronatic-studio.com\/wp-content\/uploads\/2020\/12\/ob_9f3ac6_louis-de-funes.jpg 1200w\" sizes=\"(max-width: 373px) 100vw, 373px\" \/><\/center><br \/>\nDifficile \u00e0 imaginer n&rsquo;est-ce pas ?<br \/>\nIl est \u00e9galement difficile d&rsquo;imaginer que nos acteurs et actrices pr\u00e9f\u00e9r\u00e9s puissent porter <span style=\"font-weight: 400;\">des masques verts, qui puissent \u00eatre supprim\u00e9s et remplac\u00e9s en post-production ! (Mais sait-on jamais&#8230; <\/span><b>Vive les effets sp\u00e9ciaux<\/b><span style=\"font-weight: 400;\"> !).<br \/>\nPlus s\u00e9rieusement, en suivant les protocoles, en testant la totalit\u00e9 des membres du plateau et en prot\u00e9geant ceux ne se trouvant pas derri\u00e8re la cam\u00e9ra, les tournages peuvent continuer. De nombreuses productions ont d&rsquo;ailleurs rallum\u00e9 leur cam\u00e9ra.<\/span><\/p>\n<p style=\"text-align: center;\"><strong>Qui sait ce que la salle de cin\u00e9ma de demain va projeter et quand elle pourra projeter !\u00a0<\/strong><\/p>\n<p><i><span style=\"font-weight: 400;\"><strong>Fun fact<\/strong> : En Su\u00e8de et au Danemark, les productions ont \u00e9t\u00e9 les premi\u00e8res \u00e0 reprendre le travail sur des plateaux st\u00e9rilis\u00e9s o\u00f9 la distanciation physique \u00e9tait exp\u00e9riment\u00e9e !<\/span><\/i><\/p>\n<p>&nbsp;<\/p>\n<hr \/>\n<h3><span style=\"font-weight: 400;\">Fini de digresser sur une<\/span><b> utopie cin\u00e9matographique<\/b><span style=\"font-weight: 400;\">. Parlons \u00e0 pr\u00e9sent de la symbolique du masque dans le cin\u00e9ma, puisque nous pourrions en voir de plus en plus.<\/span><\/h3>\n<p><span style=\"font-weight: 400;\">L\u2019utilisation premi\u00e8re d\u2019un masque est, bien \u00e9videmment, de cacher le visage du (super) h\u00e9ros, pour qu\u2019il puisse lutter incognito contre les (super) m\u00e9chants. Qu\u2019il masque l\u2019int\u00e9gralit\u00e9 du visage (comme<\/span><b> Iron Man<\/b><span style=\"font-weight: 400;\"> ou <\/span><b>Spiderman<\/b><span style=\"font-weight: 400;\">), ou qu\u2019il laisse entrevoir une partie (comme <\/span><b>Zorro<\/b><span style=\"font-weight: 400;\"> ou <\/span><b>Batman<\/b><span style=\"font-weight: 400;\">), cacher son identit\u00e9 est primordial.<\/span><\/p>\n<p><span style=\"font-weight: 400;\">Pour \u00e9viter des repr\u00e9sailles, pour garder l\u2019anonymat ou pour simplement s\u2019exprimer. <\/span><span style=\"font-weight: 400;\">Cacher son visage est \u00e9galement un moyen d\u2019\u00e9viter la censure. Tous ces h\u00e9ros et anti-h\u00e9ros qui crient de toutes leurs forces ce que la soci\u00e9t\u00e9 refuse d\u2019entendre, font alors le choix (parfois d\u00e9sesp\u00e9r\u00e9) de porter un masque, de repousser leurs limites, jusqu\u2019\u00e0 parfois la franchir.\u00a0<\/span><span style=\"font-weight: 400;\">Il peut donc prendre plusieurs formes :<\/span><\/p>\n<p>&nbsp;<\/p>\n<p><b style=\"color: #ff0000;\"><img loading=\"lazy\" decoding=\"async\" class=\"alignnone wp-image-2244\" src=\"https:\/\/www.tronatic-studio.com\/wp-content\/uploads\/2021\/01\/Joker-300x100.jpg\" alt=\"\" width=\"546\" height=\"182\" align=\"left\" hspace=\"8\" srcset=\"https:\/\/www.tronatic-studio.com\/wp-content\/uploads\/2021\/01\/Joker-300x100.jpg 300w, https:\/\/www.tronatic-studio.com\/wp-content\/uploads\/2021\/01\/Joker-1024x340.jpg 1024w, https:\/\/www.tronatic-studio.com\/wp-content\/uploads\/2021\/01\/Joker-768x255.jpg 768w, https:\/\/www.tronatic-studio.com\/wp-content\/uploads\/2021\/01\/Joker-1536x511.jpg 1536w, https:\/\/www.tronatic-studio.com\/wp-content\/uploads\/2021\/01\/Joker-2048x681.jpg 2048w\" sizes=\"(max-width: 546px) 100vw, 546px\" \/>Le masque physique et m\u00e9taphorique :<\/b><\/p>\n<p>Joker est un bon exemple. Maltrait\u00e9 et incompris, sa voix se perdant dans les m\u00e9andres d\u2019une ville dans le chaos. Il n&rsquo;a plus d\u2019autre choix que de se cr\u00e9er une identit\u00e9 et rev\u00eatir son masque. Symbolis\u00e9 m\u00e9taphoriquement par la folie, physiquement par un maquillage de clown, trouvant enfin le courage d\u2019agir, et d\u2019assouvir ses pulsions.<\/p>\n<p>&nbsp;<\/p>\n<p>&nbsp;<\/p>\n<p>&nbsp;<\/p>\n<p align=\"center\"><img loading=\"lazy\" decoding=\"async\" class=\"wp-image-2104 alignleft\" src=\"https:\/\/www.tronatic-studio.com\/wp-content\/uploads\/2020\/12\/dexter-5f930d6a85225-300x168.jpg\" alt=\"\" width=\"545\" height=\"305\" align=\"left\" hspace=\"8\" srcset=\"https:\/\/www.tronatic-studio.com\/wp-content\/uploads\/2020\/12\/dexter-5f930d6a85225-300x168.jpg 300w, https:\/\/www.tronatic-studio.com\/wp-content\/uploads\/2020\/12\/dexter-5f930d6a85225.jpg 752w\" sizes=\"(max-width: 545px) 100vw, 545px\" \/><\/p>\n<p><b style=\"color: #ff0000;\">Le masque imaginaire :<\/b><\/p>\n<p><span style=\"font-weight: 400;\">Le masque n\u2019est donc pas n\u00e9cessairement un objet physique. Il peut tout aussi bien \u00eatre la vie qu\u2019un h\u00e9ros\/anti-h\u00e9ros s\u2019est cr\u00e9\u00e9e au fil de sa vie. Par exemple, le \u201ch\u00e9ros\u201d de la s\u00e9rie Dexter : il travaille pour la police scientifique la journ\u00e9e, tue des psychopathes et autres assassins la nuit. Son masque est celui d\u2019un homme tout \u00e0 fait normal. Il deviendra p\u00e8re de famille, se mariera&#8230; Qu\u2019est-ce que la normalit\u00e9 si ce n\u2019est un masque que chaque personne rev\u00eat tous les matins en se levant, et enl\u00e8ve le soir avant de se coucher.<\/span><\/p>\n<p>&nbsp;<\/p>\n<p>&nbsp;<\/p>\n<p>&nbsp;<\/p>\n<p>&nbsp;<\/p>\n<p>&nbsp;<\/p>\n<p><img loading=\"lazy\" decoding=\"async\" class=\"alignnone wp-image-2267\" src=\"https:\/\/www.tronatic-studio.com\/wp-content\/uploads\/2021\/01\/Dark-Vador-et-Deadpool-1-300x100.jpg\" alt=\"\" width=\"546\" height=\"182\" align=\"left\" hspace=\"8\" srcset=\"https:\/\/www.tronatic-studio.com\/wp-content\/uploads\/2021\/01\/Dark-Vador-et-Deadpool-1-300x100.jpg 300w, https:\/\/www.tronatic-studio.com\/wp-content\/uploads\/2021\/01\/Dark-Vador-et-Deadpool-1-1024x340.jpg 1024w, https:\/\/www.tronatic-studio.com\/wp-content\/uploads\/2021\/01\/Dark-Vador-et-Deadpool-1-768x255.jpg 768w, https:\/\/www.tronatic-studio.com\/wp-content\/uploads\/2021\/01\/Dark-Vador-et-Deadpool-1-1536x511.jpg 1536w, https:\/\/www.tronatic-studio.com\/wp-content\/uploads\/2021\/01\/Dark-Vador-et-Deadpool-1-2048x681.jpg 2048w\" sizes=\"(max-width: 546px) 100vw, 546px\" \/><span style=\"color: #ff0000;\"><b> Le masque \u201cn\u00e9cessaire\u201d :<\/b><\/span><\/p>\n<p><span style=\"font-weight: 400;\">Certains masques ne sont pas justes un accessoire, c\u2019est une n\u00e9cessit\u00e9 absolue pour cacher ce qu\u2019il ne peut \u00eatre ignor\u00e9. <\/span><b>Dark Vado<\/b><span style=\"font-weight: 400;\"><strong>r<\/strong> et <\/span><b>Deadpool <\/b><span style=\"font-weight: 400;\">(Oui, il n\u2019y a pas que les m\u00e9chants qui sont d\u00e9figur\u00e9s !) en sont l\u2019exemple parfait :<br \/>\n<\/span><span style=\"font-weight: 400;\">Leur visage et leur corps meurtris, br\u00fbl\u00e9s \u00e0 vie. Un parall\u00e8le entre ces deux anta\/protagonistes est m\u00eame possible. L\u2019amour de leur vie leur a \u00e9t\u00e9 arrach\u00e9, de mani\u00e8re diff\u00e9rente certes, mais la douleur reste la m\u00eame. Ils sont donc oblig\u00e9s de se cacher derri\u00e8re un masque, un r\u00f4le et une vengeance qu\u2019ils ne d\u00e9siraient pas.<\/span><\/p>\n<p>&nbsp;<\/p>\n<p><img loading=\"lazy\" decoding=\"async\" class=\"alignnone wp-image-2254\" src=\"https:\/\/www.tronatic-studio.com\/wp-content\/uploads\/2021\/01\/Immortan-Joe-et-Bane-300x100.jpg\" alt=\"\" width=\"546\" height=\"183\" align=\"left\" hspace=\"8\" srcset=\"https:\/\/www.tronatic-studio.com\/wp-content\/uploads\/2021\/01\/Immortan-Joe-et-Bane-300x100.jpg 300w, https:\/\/www.tronatic-studio.com\/wp-content\/uploads\/2021\/01\/Immortan-Joe-et-Bane-1536x511.jpg 1536w, https:\/\/www.tronatic-studio.com\/wp-content\/uploads\/2021\/01\/Immortan-Joe-et-Bane-2048x681.jpg 2048w\" sizes=\"(max-width: 546px) 100vw, 546px\" \/><span style=\"font-weight: 400;\"> Le grand m\u00e9chant de<\/span><b> Mad Max Fury Road<\/b><span style=\"font-weight: 400;\">, \u201c<\/span><b>Immortan Joe\u00a0\u00bb<\/b>, porte<span style=\"font-weight: 400;\"> lui aussi un masque. Il lui permet de respirer de l&rsquo;air pur \u00e0 travers un masque de protection respiratoire, d\u00e9cor\u00e9 avec des dents de chevaux pour ressembler \u00e0 une m\u00e2choire squelettique et lui donner un air impressionnant. Et comment ne pas parler de <\/span><b>Bane<\/b><span style=\"font-weight: 400;\">, l\u2019ennemi de <\/span><b>Batman<\/b><span style=\"font-weight: 400;\">, oblig\u00e9 de porter un masque pour ne pas souffrir\u2026<br \/>\nCes deux antagonistes sont donc les victimes de leur environnement, les obligeant \u00e0 porter un masque afin de survivre.<\/span><\/p>\n<p>&nbsp;<\/p>\n<p>&nbsp;<\/p>\n<p>&nbsp;<\/p>\n<p><img loading=\"lazy\" decoding=\"async\" class=\"alignnone wp-image-2255\" src=\"https:\/\/www.tronatic-studio.com\/wp-content\/uploads\/2021\/01\/Hannibale-et-Lhomme-au-masque-de-fer-300x100.jpg\" alt=\"\" width=\"546\" height=\"182\" align=\"left\" hspace=\"8\" srcset=\"https:\/\/www.tronatic-studio.com\/wp-content\/uploads\/2021\/01\/Hannibale-et-Lhomme-au-masque-de-fer-300x100.jpg 300w, https:\/\/www.tronatic-studio.com\/wp-content\/uploads\/2021\/01\/Hannibale-et-Lhomme-au-masque-de-fer-1024x340.jpg 1024w, https:\/\/www.tronatic-studio.com\/wp-content\/uploads\/2021\/01\/Hannibale-et-Lhomme-au-masque-de-fer-768x255.jpg 768w, https:\/\/www.tronatic-studio.com\/wp-content\/uploads\/2021\/01\/Hannibale-et-Lhomme-au-masque-de-fer-1536x511.jpg 1536w, https:\/\/www.tronatic-studio.com\/wp-content\/uploads\/2021\/01\/Hannibale-et-Lhomme-au-masque-de-fer-2048x681.jpg 2048w\" sizes=\"(max-width: 546px) 100vw, 546px\" \/><b><span style=\"color: #ff0000;\">Le masque de condamnation :<\/span><\/b><\/p>\n<p><span style=\"font-weight: 400;\">Impossible de parler de masques sans parler d\u2019<\/span><b>Hannibal Lecter,<\/b><span style=\"font-weight: 400;\"> le serial killer le plus effrayant que ce monde a connu<\/span><b>. <\/b><span style=\"font-weight: 400;\">La fameuse museli\u00e8re qu\u2019il arbore avec prestance n\u2019est pas qu\u2019un accessoire permettant d\u2019emp\u00eacher ses penchants cannibales. C\u2019est \u00e9galement une mani\u00e8re de l\u2019emp\u00eacher de s\u2019exprimer, puisque rappelons-le, son arme est la parole, et plus pr\u00e9cis\u00e9ment, la rh\u00e9torique.<br \/>\n<\/span><span style=\"font-weight: 400;\">Int\u00e9ressons-nous \u00e0 un autre protagoniste, lui aussi emprisonn\u00e9 dans un masque, <\/span><b>l\u2019homme au masque de fer<\/b><span style=\"font-weight: 400;\">. Outre l\u2019aspect historique de ce personnage, ce masque brutalement froid et violent est ici utilis\u00e9 comme arme. Une arme privant son porteur de toute libert\u00e9, mais surtout, de toute identit\u00e9.\u00a0<\/span><\/p>\n<p>&nbsp;<\/p>\n<p><b><img loading=\"lazy\" decoding=\"async\" class=\"alignnone wp-image-2258\" src=\"https:\/\/www.tronatic-studio.com\/wp-content\/uploads\/2021\/01\/Iron-Man-et-Flash-300x100.jpg\" alt=\"\" width=\"546\" height=\"182\" align=\"left\" hspace=\"8\" srcset=\"https:\/\/www.tronatic-studio.com\/wp-content\/uploads\/2021\/01\/Iron-Man-et-Flash-300x100.jpg 300w, https:\/\/www.tronatic-studio.com\/wp-content\/uploads\/2021\/01\/Iron-Man-et-Flash-1024x340.jpg 1024w, https:\/\/www.tronatic-studio.com\/wp-content\/uploads\/2021\/01\/Iron-Man-et-Flash-768x255.jpg 768w, https:\/\/www.tronatic-studio.com\/wp-content\/uploads\/2021\/01\/Iron-Man-et-Flash-1536x511.jpg 1536w, https:\/\/www.tronatic-studio.com\/wp-content\/uploads\/2021\/01\/Iron-Man-et-Flash-2048x681.jpg 2048w\" sizes=\"(max-width: 546px) 100vw, 546px\" \/><b><span style=\"color: #ff0000;\">Le masque de protection :<\/span><\/b><\/b><\/p>\n<p><span style=\"font-weight: 400;\">Ici, il serait plus juste d\u2019utiliser le terme casque, puisqu\u2019il s\u2019agit d\u2019<\/span><b>Iron Man<\/b><span style=\"font-weight: 400;\">. Cacher son identit\u00e9 n\u2019est pas son utilisation, la protection, oui. <\/span><span style=\"font-weight: 400;\">Gr\u00e2ce \u00e0 l&rsquo;alliage d&rsquo;or et de titane, son armure lui procure une r\u00e9sistance surhumaine.<br \/>\n<\/span><span style=\"font-weight: 400;\">Surhumaine comme la rapidit\u00e9 de<\/span><b> Flash<\/b><span style=\"font-weight: 400;\">, qui utilise donc un masque lui recouvrant l&rsquo;int\u00e9gralit\u00e9 de la t\u00eate, permettant ainsi un a\u00e9rodynamisme hors-norme.<\/span><\/p>\n<p>&nbsp;<\/p>\n<p>&nbsp;<\/p>\n<p align=\"justify\"><span style=\"font-weight: 400;\"><img loading=\"lazy\" decoding=\"async\" class=\"alignnone wp-image-2260\" title=\"Henry Cavill - Superman Man of Steel - Cin\u00e9ma \" src=\"https:\/\/www.tronatic-studio.com\/wp-content\/uploads\/2021\/01\/Clark-Kent-et-Superman-300x100.jpg\" alt=\"\" width=\"546\" height=\"182\" align=\"left\" hspace=\"8\" srcset=\"https:\/\/www.tronatic-studio.com\/wp-content\/uploads\/2021\/01\/Clark-Kent-et-Superman-300x100.jpg 300w, https:\/\/www.tronatic-studio.com\/wp-content\/uploads\/2021\/01\/Clark-Kent-et-Superman-1024x340.jpg 1024w, https:\/\/www.tronatic-studio.com\/wp-content\/uploads\/2021\/01\/Clark-Kent-et-Superman-768x255.jpg 768w, https:\/\/www.tronatic-studio.com\/wp-content\/uploads\/2021\/01\/Clark-Kent-et-Superman-1536x511.jpg 1536w, https:\/\/www.tronatic-studio.com\/wp-content\/uploads\/2021\/01\/Clark-Kent-et-Superman-2048x681.jpg 2048w\" sizes=\"(max-width: 546px) 100vw, 546px\" \/>A contrario de tous ces h\u00e9ros et anti-h\u00e9ros qui cachent leur identit\u00e9 lorsqu\u2019ils rev\u00eatent leurs masques, <\/span><b>Superman <\/b><span style=\"font-weight: 400;\">cache son identit\u00e9 la journ\u00e9e, en portant une simple paire de lunettes de vue. Logique puisque sa r\u00e9elle identit\u00e9 n\u2019est autre que celle de <\/span><b>Kah-El<\/b><span style=\"font-weight: 400;\">, <\/span><span style=\"font-weight: 400;\">kryptonnien de naissance, envoy\u00e9 sur terre afin d\u2019\u00eatre sauv\u00e9\u2026<\/span><\/p>\n<p>&nbsp;<\/p>\n<p>&nbsp;<\/p>\n<p>&nbsp;<\/p>\n<hr \/>\n<p align=\"justify\"><span style=\"font-weight: 400;\"><br \/>\nMaintenant que la symbolique du masque n\u2019a plus de myst\u00e8re pour vous, il est temps de parler de cr\u00e9ation et la r\u00e9alisation de ce dernier. De nombreuses techniques et technologies existent pour cr\u00e9er son masque parfait.<\/span><\/p>\n<p><span style=\"font-weight: 400;\">Pour qu\u2019un masque soit aussi r\u00e9aliste que possible, il existe, notamment, deux moyens :\u00a0<\/span><\/p>\n<p><b><i>Le cr\u00e9er gr\u00e2ce aux effets sp\u00e9ciaux virtuels :<\/i><\/b><span style=\"font-weight: 400;\"><br \/>\n<\/span><span style=\"font-weight: 400;\">Un bon exemple, le masque de <\/span><b>Green Lantern<\/b><span style=\"font-weight: 400;\"> dans le film du m\u00eame nom ou celui de <\/span><b>Black Panther <\/b><span style=\"font-weight: 400;\">au nom \u00e9galement \u00e9ponyme. Recr\u00e9\u00e9 sur-mesure sur le visage, une base est tout de m\u00eame n\u00e9cessaire. Pour cela, les acteurs portent un masque ou une cagoule (tout d\u00e9pend de l\u2019esth\u00e9tique recherch\u00e9e) d\u2019une couleur claire et unie, g\u00e9n\u00e9ralement du vert, ou des capteurs.<\/span><\/p>\n<p><span style=\"font-weight: 400;\">En plus du masque reproduit en images de synth\u00e8se, comme pour <\/span><b>Ryan Reynolds<\/b><span style=\"font-weight: 400;\"> dans<\/span><b> \u201c<\/b><b><i>Green<\/i><\/b> <b><i>Lantern<\/i><\/b><b>\u201d<\/b><span style=\"font-weight: 400;\">, le costume de <\/span><b>Chadwick Boseman<\/b> alias <b>Black Panther<\/b><span style=\"font-weight: 400;\"> a \u00e9t\u00e9 en partie r\u00e9alis\u00e9e gr\u00e2ce aux effets sp\u00e9ciaux. La fameuse tenue de <strong>Black Panther<\/strong> existe bel et bien et son interpr\u00e8te a pu la porter de nombreuse fois durant ses sc\u00e8nes. Cependant, afin d&rsquo;\u00e9viter au mieux les plis et reproduire les mouvements exacts de ce dernier, la tenue de <strong>Black Panther<\/strong> a \u00e9t\u00e9 retravaill\u00e9e en post-production, donnant ainsi l&rsquo;effet d&rsquo;une seconde peau.<\/span><\/p>\n<p align=\"center\"><img loading=\"lazy\" decoding=\"async\" class=\"aligncenter wp-image-2286\" title=\"Black panther - cin\u00e9ma \" src=\"https:\/\/www.tronatic-studio.com\/wp-content\/uploads\/2021\/01\/Black-Panther-3-300x59.jpg\" alt=\"Black Panther, les secrets VFX du cin\u00e9ma \" width=\"1256\" height=\"247\" srcset=\"https:\/\/www.tronatic-studio.com\/wp-content\/uploads\/2021\/01\/Black-Panther-3-300x59.jpg 300w, https:\/\/www.tronatic-studio.com\/wp-content\/uploads\/2021\/01\/Black-Panther-3-1024x202.jpg 1024w, https:\/\/www.tronatic-studio.com\/wp-content\/uploads\/2021\/01\/Black-Panther-3-768x151.jpg 768w, https:\/\/www.tronatic-studio.com\/wp-content\/uploads\/2021\/01\/Black-Panther-3-1536x303.jpg 1536w, https:\/\/www.tronatic-studio.com\/wp-content\/uploads\/2021\/01\/Black-Panther-3-2048x404.jpg 2048w\" sizes=\"(max-width: 1256px) 100vw, 1256px\" \/><\/p>\n<p><span style=\"font-weight: 400;\"><br \/>\n<\/span><span style=\"font-weight: 400;\"> Le masque de Spiderman est \u00e9galement un tr\u00e8s bon exemple de ce que la technologie peut cr\u00e9er, et du savoir-faire des<\/span><b> VFX<\/b> <b>artists<\/b><span style=\"font-weight: 400;\">. Cependant, l\u2019homme araign\u00e9e n\u2019est pas tout le temps camoufl\u00e9 sous une cagoule d\u2019effets sp\u00e9ciaux. En effet, durant le tournage, l\u2019acteur porte sa c\u00e9l\u00e8bre combinaison rouge et bleue. Et ce n\u2019est que plus tard, en post-production, que la magie se cr\u00e9e lorsque les sc\u00e8nes le n\u00e9cessitent.<\/span><span style=\"font-weight: 400;\"><br \/>\n<\/span><span style=\"font-weight: 400;\">Et il n\u2019est pas seul \u00e0 avoir recours \u00e0 plusieurs techniques pour cr\u00e9er et designer au mieux son masque.<\/span><b>\u00a0Iron Man<\/b><span style=\"font-weight: 400;\"> fait \u00e9galement partie de cette cat\u00e9gorie, m\u00ealant <\/span><b>VFX <\/b><span style=\"font-weight: 400;\">et la <\/span><b>conception d\u2019effets tangibles, cr\u00e9\u00e9s manuellement pour les besoins d<\/b><span style=\"font-weight: 400;\">\u2019<\/span><b>une production<\/b><span style=\"font-weight: 400;\">. Son armure, con\u00e7ue pour les besoins du film, n\u00e9cessite des effets sp\u00e9ciaux afin de fournir \u00e0 <\/span><b>Tony Stark<\/b><span style=\"font-weight: 400;\"> toute l\u2019autonomie dont il a besoin. En effet, sur certaines sc\u00e8nes, <strong>Robert Downey Jr.<\/strong> (l\u2019interpr\u00e8te de <strong>Tony Stark<\/strong>) ne porte qu&rsquo;une partie de son armure, le haut, afin de faciliter ses mouvements. Le reste de son armure est recr\u00e9\u00e9 par la suite en post-production gr\u00e2ce aux marqueurs pos\u00e9s sur son corps durant le tournage.<br \/>\nLorsque <strong>Iron Man<\/strong> appara\u00eet \u00e0 l&rsquo;\u00e9cran avec son casque ouvert, nous permettant ainsi de voir son visage, il s&rsquo;agit bien souvent d&rsquo;un vrai casque. Tout comme <strong>Black Panther<\/strong>, <strong>Iron Man<\/strong> est r\u00e9alis\u00e9 num\u00e9riquement lors de sc\u00e8nes de combats tr\u00e8s compliqu\u00e9es \u00e0 r\u00e9aliser dans la vraie vie. Comme un combat dans les airs, ou simplement lorsque <strong>Iron Man<\/strong> vole dans le ciel.<\/span><\/p>\n<p>&nbsp;<\/p>\n<div class=\"embedresize\">\n<div><center><iframe src=\"https:\/\/www.youtube.com\/embed\/GqsO40pm0-I\" width=\"560\" height=\"560\" frameborder=\"0\" allowfullscreen=\"allowfullscreen\"><\/iframe><\/center><\/div>\n<\/div>\n<p><span style=\"font-weight: 400;\">Pour mieux comprendre et d\u00e9couvrir d&rsquo;autres secrets, n&rsquo;h\u00e9sitez pas \u00e0 regarder cette vid\u00e9o retra\u00e7ant l&rsquo;\u00e9volution de l&rsquo;armure d&rsquo;Iron Man !<\/span><\/p>\n<p>&nbsp;<\/p>\n<p><b><i>C\u2019est donc \u00e0 pr\u00e9sent le moment d\u2019\u00e9voquer la seconde cat\u00e9gorie :<br \/>\n<\/i><\/b><span style=\"font-weight: 400;\"><u>Les masques et casques, cr\u00e9\u00e9s et r\u00e9alis\u00e9s gr\u00e2ce au maquillage et ses proth\u00e8ses.\u00a0<\/u><\/span><\/p>\n<p><span style=\"font-weight: 400;\">L\u2019exemple le plus probant est s\u00fbrement <\/span><b>Jim Carrey <\/b><span style=\"font-weight: 400;\">dans \u201c<\/span><b><i>The Mask<\/i><\/b><span style=\"font-weight: 400;\">\u201d. Il porte \u00e0 la perfection ses proth\u00e8ses, n\u00e9cessitant 4h par jour de maquillage, et le m\u00e9tamorphosant compl\u00e8tement.<\/span><\/p>\n<p><center><img loading=\"lazy\" decoding=\"async\" class=\"alignnone wp-image-2111\" title=\"Makeup the mask au cin\u00e9ma \" src=\"https:\/\/www.tronatic-studio.com\/wp-content\/uploads\/2020\/12\/oyn5mmoy53831-593x1024-1-300x136.jpg\" alt=\"Makeup the mask au cin\u00e9ma \" width=\"800\" height=\"362\" srcset=\"https:\/\/www.tronatic-studio.com\/wp-content\/uploads\/2020\/12\/oyn5mmoy53831-593x1024-1-300x136.jpg 300w, https:\/\/www.tronatic-studio.com\/wp-content\/uploads\/2020\/12\/oyn5mmoy53831-593x1024-1-1024x465.jpg 1024w, https:\/\/www.tronatic-studio.com\/wp-content\/uploads\/2020\/12\/oyn5mmoy53831-593x1024-1-768x349.jpg 768w\" sizes=\"(max-width: 800px) 100vw, 800px\" \/><\/center><br \/>\nSi 4h semble interminable, pensez donc \u00e0 <strong>John Hurt<\/strong> dans \u201c<strong>Elephant Man<\/strong>\u201d, qui n\u00e9cessitait 7h de maquillage, ou encore \u00e0 l\u2019actrice <strong>Karen Gillan<\/strong>, qui a d\u00fb se raser int\u00e9gralement la t\u00eate pour le r\u00f4le de<strong> Nebula<\/strong> (<strong>Gardiens de la Galaxie, \u201cAvengers\u201d<\/strong>), et qui a d\u00fb patienter 5 heures par jour pour son maquillage. Tout comme sa \u201cs\u0153ur\u201d <strong>Gamora<\/strong>, interpr\u00e9t\u00e9e par <strong>Zoe Saldana<\/strong>, qui a d\u00fb rester immobile pendant plus de 3h.<\/p>\n<p align=\"center\"><img loading=\"lazy\" decoding=\"async\" class=\"alignnone wp-image-2072\" title=\"Les maquillages au cin\u00e9ma \" src=\"https:\/\/www.tronatic-studio.com\/wp-content\/uploads\/2020\/12\/Bandeau-makeup-300x71.png\" alt=\"Les maquillages au cin\u00e9ma \" width=\"1102\" height=\"261\" srcset=\"https:\/\/www.tronatic-studio.com\/wp-content\/uploads\/2020\/12\/Bandeau-makeup-300x71.png 300w, https:\/\/www.tronatic-studio.com\/wp-content\/uploads\/2020\/12\/Bandeau-makeup-1024x242.png 1024w, https:\/\/www.tronatic-studio.com\/wp-content\/uploads\/2020\/12\/Bandeau-makeup-768x182.png 768w, https:\/\/www.tronatic-studio.com\/wp-content\/uploads\/2020\/12\/Bandeau-makeup.png 1370w\" sizes=\"(max-width: 1102px) 100vw, 1102px\" \/><\/p>\n<p>Ces transformations physiques sont une alternative aux <strong>CGI<\/strong>. Les maquilleurs portent une attention particuli\u00e8re \u00e0 l\u2019esth\u00e9tique de leurs maquillages. Que ce soit dans la conception de leurs proth\u00e8ses faciales, dans l&rsquo;ex\u00e9cution du maquillage, des d\u00e9tails et des accessoires. Cette attention aux d\u00e9tails permet ainsi qu\u2019aucune retouche visuelle ne soit n\u00e9cessaire en post-production. Permettant ainsi aux <strong>VFX artists<\/strong> de concentrer leur attention et leurs talents sur le reste de la production.<\/p>\n<p><span style=\"font-weight: 400;\">Alors qu\u2019il soit n\u00e9cessaire, m\u00e9taphorique, obligatoire, le masque n\u2019a maintenant plus aucun secret pour vous. Continuez de le porter tant qu\u2019il est n\u00e9cessaire, en esp\u00e9rant pouvoir tr\u00e8s vite s\u2019en passer !<\/span><\/p>\n","protected":false},"excerpt":{"rendered":"<p>Les super-h\u00e9ros et super-vilains n\u2019ont plus l\u2019exclusivit\u00e9 !\u00a0(Ou alors avaient-ils d\u00e9j\u00e0 peur du Coronavirus ?) Depuis fin 2019, nous connaissons une v\u00e9ritable crise qui affecte le monde entier. Outre l\u2019aspect g\u00eanant du masque au quotidien comme les boutons caus\u00e9s par le port du masque, les oreilles qui se d\u00e9collent, les marques sur le visage, ou [&hellip;]<\/p>\n","protected":false},"author":5,"featured_media":2284,"comment_status":"open","ping_status":"open","sticky":false,"template":"","format":"standard","meta":{"_acf_changed":false,"footnotes":""},"categories":[22,23,14],"tags":[],"class_list":["post-1999","post","type-post","status-publish","format-standard","has-post-thumbnail","hentry","category-cgi","category-design","category-vfx"],"acf":[],"aioseo_notices":[],"_links":{"self":[{"href":"https:\/\/www.tronatic-studio.com\/fr\/wp-json\/wp\/v2\/posts\/1999","targetHints":{"allow":["GET"]}}],"collection":[{"href":"https:\/\/www.tronatic-studio.com\/fr\/wp-json\/wp\/v2\/posts"}],"about":[{"href":"https:\/\/www.tronatic-studio.com\/fr\/wp-json\/wp\/v2\/types\/post"}],"author":[{"embeddable":true,"href":"https:\/\/www.tronatic-studio.com\/fr\/wp-json\/wp\/v2\/users\/5"}],"replies":[{"embeddable":true,"href":"https:\/\/www.tronatic-studio.com\/fr\/wp-json\/wp\/v2\/comments?post=1999"}],"version-history":[{"count":0,"href":"https:\/\/www.tronatic-studio.com\/fr\/wp-json\/wp\/v2\/posts\/1999\/revisions"}],"wp:featuredmedia":[{"embeddable":true,"href":"https:\/\/www.tronatic-studio.com\/fr\/wp-json\/wp\/v2\/media\/2284"}],"wp:attachment":[{"href":"https:\/\/www.tronatic-studio.com\/fr\/wp-json\/wp\/v2\/media?parent=1999"}],"wp:term":[{"taxonomy":"category","embeddable":true,"href":"https:\/\/www.tronatic-studio.com\/fr\/wp-json\/wp\/v2\/categories?post=1999"},{"taxonomy":"post_tag","embeddable":true,"href":"https:\/\/www.tronatic-studio.com\/fr\/wp-json\/wp\/v2\/tags?post=1999"}],"curies":[{"name":"wp","href":"https:\/\/api.w.org\/{rel}","templated":true}]}}